{"id":201,"date":"2010-02-13T17:56:53","date_gmt":"2010-02-13T17:56:53","guid":{"rendered":"http:\/\/bretelles.wordpress.com\/?p=201"},"modified":"2010-02-13T17:56:53","modified_gmt":"2010-02-13T17:56:53","slug":"voila-deja-le-modele","status":"publish","type":"post","link":"http:\/\/bretelles.ch\/index.php\/2010\/02\/13\/voila-deja-le-modele\/","title":{"rendered":"Voil\u00e0 d\u00e9j\u00e0 le\u00a0mod\u00e8le\u2026"},"content":{"rendered":"<p>Bon, promis, cette fois, je devrais \u00eatre dans les temps pour le d\u00e9fi Bleu de <a href=\"http:\/\/jairienamemettre.canalblog.com\/\" target=\"_blank\">J&rsquo;ai rien \u00e0 me mettre<\/a>. Pour vous donner un aper\u00e7u, voil\u00e0 d\u00e9j\u00e0 le mod\u00e8le que j&rsquo;ai dessin\u00e9.<\/p>\n<p><a href=\"http:\/\/bretelles.ch\/wp-content\/uploads\/2010\/03\/p_2048_1536_eacc53b0-24ba-48e0-8b95-7f55185c3af2.jpeg\"><img decoding=\"async\" loading=\"lazy\" class=\"alignleft size-medium wp-151\" style=\"margin:10px;\" src=\"http:\/\/bretelles.ch\/wp-content\/uploads\/2010\/03\/p_2048_1536_eacc53b0-24ba-48e0-8b95-7f55185c3af2.jpeg\" alt=\"\" width=\"200\" height=\"265\" \/><\/a><\/p>\n<p>Pour le tissu, comme je suis pas trop fan du bleu, j&rsquo;ai choisi un tissu  noir avec des impressions bleues pour quand m\u00eame rester dans le th\u00e8me et  des rubans \u00e9galement bleus viendront former l&rsquo;encolure. C&rsquo;est celui-ci\u00a0<a href=\"http:\/\/bretelles.ch\/wp-content\/uploads\/2010\/03\/p_2048_1536_55124840-00e0-4633-affb-9ced2d36cf4d.jpeg\"> <\/a><\/p>\n<p style=\"text-align:center;\"><a href=\"http:\/\/bretelles.ch\/wp-content\/uploads\/2010\/03\/p_2048_1536_55124840-00e0-4633-affb-9ced2d36cf4d.jpeg\"> <img decoding=\"async\" loading=\"lazy\" class=\"size-medium wp-151   aligncenter\" style=\"margin:10px;\" src=\"http:\/\/bretelles.ch\/wp-content\/uploads\/2010\/03\/p_2048_1536_55124840-00e0-4633-affb-9ced2d36cf4d.jpeg\" alt=\"\" width=\"178\" height=\"237\" \/><\/a><\/p>\n<p>Et promis, cette fois je serai \u00e0 l&rsquo;heure!<\/p>\n","protected":false},"excerpt":{"rendered":"<p>Bon, promis, cette fois, je devrais \u00eatre dans les temps pour le d\u00e9fi Bleu de J&rsquo;ai rien \u00e0 me mettre. Pour vous donner un aper\u00e7u, voil\u00e0 d\u00e9j\u00e0 le mod\u00e8le que j&rsquo;ai dessin\u00e9. Pour le tissu, comme je suis pas trop fan du bleu, j&rsquo;ai choisi un tissu noir avec des impressions bleues pour quand m\u00eame [&hellip;]<\/p>\n","protected":false},"author":2,"featured_media":0,"comment_status":"open","ping_status":"open","sticky":false,"template":"","format":"standard","meta":{"footnotes":""},"categories":[4,5],"tags":[21,52,56,99,123,130],"_links":{"self":[{"href":"http:\/\/bretelles.ch\/index.php\/wp-json\/wp\/v2\/posts\/201"}],"collection":[{"href":"http:\/\/bretelles.ch\/index.php\/wp-json\/wp\/v2\/posts"}],"about":[{"href":"http:\/\/bretelles.ch\/index.php\/wp-json\/wp\/v2\/types\/post"}],"author":[{"embeddable":true,"href":"http:\/\/bretelles.ch\/index.php\/wp-json\/wp\/v2\/users\/2"}],"replies":[{"embeddable":true,"href":"http:\/\/bretelles.ch\/index.php\/wp-json\/wp\/v2\/comments?post=201"}],"version-history":[{"count":0,"href":"http:\/\/bretelles.ch\/index.php\/wp-json\/wp\/v2\/posts\/201\/revisions"}],"wp:attachment":[{"href":"http:\/\/bretelles.ch\/index.php\/wp-json\/wp\/v2\/media?parent=201"}],"wp:term":[{"taxonomy":"category","embeddable":true,"href":"http:\/\/bretelles.ch\/index.php\/wp-json\/wp\/v2\/categories?post=201"},{"taxonomy":"post_tag","embeddable":true,"href":"http:\/\/bretelles.ch\/index.php\/wp-json\/wp\/v2\/tags?post=201"}],"curies":[{"name":"wp","href":"https:\/\/api.w.org\/{rel}","templated":true}]}}