{"id":324,"date":"2011-02-05T11:39:18","date_gmt":"2011-02-05T11:39:18","guid":{"rendered":"https:\/\/bretelles.wordpress.com\/?p=324"},"modified":"2011-02-05T11:39:18","modified_gmt":"2011-02-05T11:39:18","slug":"a-dada-sur-mon-hippo","status":"publish","type":"post","link":"http:\/\/bretelles.ch\/index.php\/2011\/02\/05\/a-dada-sur-mon-hippo\/","title":{"rendered":"A dada sur mon&#8230; Hippo"},"content":{"rendered":"<p>Comme promis voici d&rsquo;abord les photos du pouf hippopotame de mon neveu. Vu sa taille il peut tout aussi bien servir de cousin pour caler les plus petits. Pour le rembourrer, j&rsquo;ai utilis\u00e9 des chutes de tissus pour le<br \/>\nmilieu mais tout autour du tissu, j&rsquo;ai mis une bonne \u00e9paisseur de ouate pour qu&rsquo;il soit plus confortable. Il est aussi enti\u00e8rement d\u00e9houssable pour pouvoir le laver facilement.<\/p>\n<p><a href=\"http:\/\/bretelles.ch\/wp-content\/uploads\/2011\/03\/hippojean2.jpg\"><img decoding=\"async\" loading=\"lazy\" class=\"alignleft size-full wp-image-325\" title=\"HippoJean2\" src=\"http:\/\/bretelles.ch\/wp-content\/uploads\/2011\/03\/hippojean2.jpg\" alt=\"\" width=\"510\" height=\"680\" srcset=\"http:\/\/bretelles.ch\/wp-content\/uploads\/2011\/03\/hippojean2.jpg 1200w, http:\/\/bretelles.ch\/wp-content\/uploads\/2011\/03\/hippojean2-225x300.jpg 225w, http:\/\/bretelles.ch\/wp-content\/uploads\/2011\/03\/hippojean2-768x1024.jpg 768w\" sizes=\"(max-width: 510px) 100vw, 510px\" \/><\/a> Alors qu&rsquo;en pensez-vous?<\/p>\n","protected":false},"excerpt":{"rendered":"<p>Comme promis voici d&rsquo;abord les photos du pouf hippopotame de mon neveu. Vu sa taille il peut tout aussi bien servir de cousin pour caler les plus petits. Pour le rembourrer, j&rsquo;ai utilis\u00e9 des chutes de tissus pour le milieu mais tout autour du tissu, j&rsquo;ai mis une bonne \u00e9paisseur de ouate pour qu&rsquo;il soit [&hellip;]<\/p>\n","protected":false},"author":2,"featured_media":0,"comment_status":"open","ping_status":"open","sticky":false,"template":"","format":"standard","meta":{"footnotes":""},"categories":[6],"tags":[20,45,59,60,72,77,78,109],"_links":{"self":[{"href":"http:\/\/bretelles.ch\/index.php\/wp-json\/wp\/v2\/posts\/324"}],"collection":[{"href":"http:\/\/bretelles.ch\/index.php\/wp-json\/wp\/v2\/posts"}],"about":[{"href":"http:\/\/bretelles.ch\/index.php\/wp-json\/wp\/v2\/types\/post"}],"author":[{"embeddable":true,"href":"http:\/\/bretelles.ch\/index.php\/wp-json\/wp\/v2\/users\/2"}],"replies":[{"embeddable":true,"href":"http:\/\/bretelles.ch\/index.php\/wp-json\/wp\/v2\/comments?post=324"}],"version-history":[{"count":0,"href":"http:\/\/bretelles.ch\/index.php\/wp-json\/wp\/v2\/posts\/324\/revisions"}],"wp:attachment":[{"href":"http:\/\/bretelles.ch\/index.php\/wp-json\/wp\/v2\/media?parent=324"}],"wp:term":[{"taxonomy":"category","embeddable":true,"href":"http:\/\/bretelles.ch\/index.php\/wp-json\/wp\/v2\/categories?post=324"},{"taxonomy":"post_tag","embeddable":true,"href":"http:\/\/bretelles.ch\/index.php\/wp-json\/wp\/v2\/tags?post=324"}],"curies":[{"name":"wp","href":"https:\/\/api.w.org\/{rel}","templated":true}]}}