{"id":337,"date":"2011-03-20T22:17:06","date_gmt":"2011-03-20T22:17:06","guid":{"rendered":"http:\/\/bretelles.wordpress.com\/?p=337"},"modified":"2011-03-20T22:17:06","modified_gmt":"2011-03-20T22:17:06","slug":"mon-premier-babynomade","status":"publish","type":"post","link":"http:\/\/bretelles.ch\/index.php\/2011\/03\/20\/mon-premier-babynomade\/","title":{"rendered":"Mon premier Babynomade"},"content":{"rendered":"<p>Et voil\u00e0, je l&rsquo;ai fait! Depuis tr\u00e8s longtemps, j&rsquo;ai envie de coudre le <a href=\"http:\/\/www.kallou.fr\/blog\/tuto-numero1\/\">Babynomade de Kallou<\/a> et puis je repousse, je repousse&#8230; Mais cette fois, ma copine Anne-Sophie a accouch\u00e9 d&rsquo;un petit Auguste alors je me suis dit \u00ab\u00a0lance-toi!!\u00a0\u00bb Alors le voil\u00e0:<\/p>\n<p><a href=\"http:\/\/bretelles.ch\/wp-content\/uploads\/2011\/03\/babynomade.jpg\"><img decoding=\"async\" loading=\"lazy\" class=\"alignleft size-medium wp-image-338\" style=\"margin:10px;\" title=\"Babynomade\" src=\"http:\/\/bretelles.ch\/wp-content\/uploads\/2011\/03\/babynomade.jpg?w=300\" alt=\"\" width=\"300\" height=\"223\" srcset=\"http:\/\/bretelles.ch\/wp-content\/uploads\/2011\/03\/babynomade.jpg 3038w, http:\/\/bretelles.ch\/wp-content\/uploads\/2011\/03\/babynomade-300x224.jpg 300w, http:\/\/bretelles.ch\/wp-content\/uploads\/2011\/03\/babynomade-768x573.jpg 768w, http:\/\/bretelles.ch\/wp-content\/uploads\/2011\/03\/babynomade-1024x764.jpg 1024w\" sizes=\"(max-width: 300px) 100vw, 300px\" \/><\/a><\/p>\n<p>J&rsquo;ai opt\u00e9 pour une polaire un peu duveteuse&#8230; Contrairement aux conseils de Kallou qui propose d&rsquo;utiliser une polaire double face (une couleur sur chaque face), la mienne ne contient qu&rsquo;une couleur. J&rsquo;ai donc pris deux sortes de polaire. De cette mani\u00e8re, j&rsquo;ai pu faire deux Babynomades: l&rsquo;autre a donc les couleurs invers\u00e9es et il est parti du c\u00f4t\u00e9 de Paris chez Anne-Claire et Jean-Yves qui ont eu un petit Jules&#8230; Il est aussi tr\u00e8s joli!<\/p>\n<p><a href=\"http:\/\/bretelles.ch\/wp-content\/uploads\/2011\/03\/broderievache.jpg\"><img decoding=\"async\" loading=\"lazy\" class=\"alignright size-medium wp-image-340\" title=\"BroderieVache\" src=\"http:\/\/bretelles.ch\/wp-content\/uploads\/2011\/03\/broderievache.jpg?w=258\" alt=\"\" width=\"258\" height=\"300\" srcset=\"http:\/\/bretelles.ch\/wp-content\/uploads\/2011\/03\/broderievache.jpg 1622w, http:\/\/bretelles.ch\/wp-content\/uploads\/2011\/03\/broderievache-259x300.jpg 259w, http:\/\/bretelles.ch\/wp-content\/uploads\/2011\/03\/broderievache-768x890.jpg 768w, http:\/\/bretelles.ch\/wp-content\/uploads\/2011\/03\/broderievache-883x1024.jpg 883w\" sizes=\"(max-width: 258px) 100vw, 258px\" \/><\/a><\/p>\n<p>&nbsp;<\/p>\n<p>&nbsp;<\/p>\n<p>&nbsp;<\/p>\n<p>Pour ce qui est de la broderie, j&rsquo;ai choisi cette jolie petite vache trouv\u00e9e sur le site de<a href=\"http:\/\/www.bernina.ch\/default-sFR.html\" target=\"_blank\"> Bernina<\/a>.J&rsquo;aime beaucoup cette broderie et je l&rsquo;ai d\u00e9j\u00e0 r\u00e9utilis\u00e9e depuis. Il faut dire que je vous montre ce que j&rsquo;ai en retard&#8230; Je l&rsquo;ai termin\u00e9e en novembre dernier&#8230;<\/p>\n<p style=\"text-align:left;\">&nbsp;<\/p>\n<p style=\"text-align:left;\">&nbsp;<\/p>\n<p style=\"text-align:left;\">&nbsp;<\/p>\n<p style=\"text-align:left;\">Et voil\u00e0 le r\u00e9sultat: Auguste a l&rsquo;air d&rsquo;appr\u00e9cier, non?<\/p>\n<p style=\"text-align:center;\"><a href=\"http:\/\/bretelles.ch\/wp-content\/uploads\/2011\/03\/babynomade_auguste.jpg\"><img decoding=\"async\" loading=\"lazy\" class=\"size-full wp-image-339 aligncenter\" title=\"Babynomade_Auguste\" src=\"http:\/\/bretelles.ch\/wp-content\/uploads\/2011\/03\/babynomade_auguste.jpg\" alt=\"\" width=\"510\" height=\"252\" srcset=\"http:\/\/bretelles.ch\/wp-content\/uploads\/2011\/03\/babynomade_auguste.jpg 3843w, http:\/\/bretelles.ch\/wp-content\/uploads\/2011\/03\/babynomade_auguste-300x149.jpg 300w, http:\/\/bretelles.ch\/wp-content\/uploads\/2011\/03\/babynomade_auguste-768x380.jpg 768w, http:\/\/bretelles.ch\/wp-content\/uploads\/2011\/03\/babynomade_auguste-1024x507.jpg 1024w\" sizes=\"(max-width: 510px) 100vw, 510px\" \/><\/a><\/p>\n","protected":false},"excerpt":{"rendered":"<p>Et voil\u00e0, je l&rsquo;ai fait! Depuis tr\u00e8s longtemps, j&rsquo;ai envie de coudre le Babynomade de Kallou et puis je repousse, je repousse&#8230; Mais cette fois, ma copine Anne-Sophie a accouch\u00e9 d&rsquo;un petit Auguste alors je me suis dit \u00ab\u00a0lance-toi!!\u00a0\u00bb Alors le voil\u00e0: J&rsquo;ai opt\u00e9 pour une polaire un peu duveteuse&#8230; Contrairement aux conseils de Kallou [&hellip;]<\/p>\n","protected":false},"author":2,"featured_media":0,"comment_status":"open","ping_status":"open","sticky":false,"template":"","format":"standard","meta":{"footnotes":""},"categories":[6],"tags":[13,20,26,47,87,107,137],"_links":{"self":[{"href":"http:\/\/bretelles.ch\/index.php\/wp-json\/wp\/v2\/posts\/337"}],"collection":[{"href":"http:\/\/bretelles.ch\/index.php\/wp-json\/wp\/v2\/posts"}],"about":[{"href":"http:\/\/bretelles.ch\/index.php\/wp-json\/wp\/v2\/types\/post"}],"author":[{"embeddable":true,"href":"http:\/\/bretelles.ch\/index.php\/wp-json\/wp\/v2\/users\/2"}],"replies":[{"embeddable":true,"href":"http:\/\/bretelles.ch\/index.php\/wp-json\/wp\/v2\/comments?post=337"}],"version-history":[{"count":0,"href":"http:\/\/bretelles.ch\/index.php\/wp-json\/wp\/v2\/posts\/337\/revisions"}],"wp:attachment":[{"href":"http:\/\/bretelles.ch\/index.php\/wp-json\/wp\/v2\/media?parent=337"}],"wp:term":[{"taxonomy":"category","embeddable":true,"href":"http:\/\/bretelles.ch\/index.php\/wp-json\/wp\/v2\/categories?post=337"},{"taxonomy":"post_tag","embeddable":true,"href":"http:\/\/bretelles.ch\/index.php\/wp-json\/wp\/v2\/tags?post=337"}],"curies":[{"name":"wp","href":"https:\/\/api.w.org\/{rel}","templated":true}]}}