{"id":660,"date":"2015-02-18T09:00:10","date_gmt":"2015-02-18T09:00:10","guid":{"rendered":"http:\/\/bretelles.ch\/?p=660"},"modified":"2015-02-18T15:03:57","modified_gmt":"2015-02-18T15:03:57","slug":"une-salopette-en-jeans-recycle","status":"publish","type":"post","link":"http:\/\/bretelles.ch\/index.php\/2015\/02\/18\/une-salopette-en-jeans-recycle\/","title":{"rendered":"Une salopette en jeans recycl\u00e9"},"content":{"rendered":"<p>Bret&rsquo;Elles fait attention \u00e0 la plan\u00e8te. Depuis plusieurs ann\u00e9es, je mets de c\u00f4t\u00e9 tous les jeans usag\u00e9s de mes proches. Ils emplissent mes tiroirs de couture. Ces derniers temps, je les ai ressortis pour enfin les utiliser. Je crois que je ne vous avais pas encore montr\u00e9 la salopette cousu pour mon fils Arnaud.<\/p>\n<div id=\"attachment_616\" style=\"width: 310px\" class=\"wp-caption aligncenter\"><a href=\"http:\/\/bretelles.ch\/wp-content\/uploads\/2015\/01\/Salopette_Arnaud_Devant.jpg\"><img aria-describedby=\"caption-attachment-616\" decoding=\"async\" loading=\"lazy\" class=\"wp-image-616\" src=\"http:\/\/bretelles.ch\/wp-content\/uploads\/2015\/01\/Salopette_Arnaud_Devant.jpg\" alt=\"Salopette_Arnaud_Devant\" width=\"300\" height=\"450\" \/><\/a><p id=\"caption-attachment-616\" class=\"wp-caption-text\">Salopette taille 92 en jeans recycl\u00e9<\/p><\/div>\n<p>Elle est fait uniquement en mat\u00e9riaux recycl\u00e9: pour le jeans, des pantalons de mon compagnon et une salopette de mon fr\u00e8re; pour la cotonnade, une ancienne chemise de travail de mon papa. Et les boutons\u00a0me direz-vous? Eh bien je les ai r\u00e9cup\u00e9r\u00e9 dans la boite dans laquelle je mets tous les boutons de remplacement\u00a0fournis\u00a0avec les v\u00eatements vendus dans le\u00a0commerce.<\/p>\n<p><a href=\"http:\/\/bretelles.ch\/wp-content\/uploads\/2015\/02\/salopette_dos_enfant_jeans.jpg\"><img decoding=\"async\" loading=\"lazy\" class=\"  wp-image-661 aligncenter\" src=\"http:\/\/bretelles.ch\/wp-content\/uploads\/2015\/02\/salopette_dos_enfant_jeans.jpg\" alt=\"salopette_dos_enfant_jeans\" width=\"392\" height=\"588\" \/><\/a><\/p>\n<p>&nbsp;<\/p>\n<p>En tout cas, mon fils est tr\u00e8s fier de la porter.<\/p>\n<p>&nbsp;<\/p>\n","protected":false},"excerpt":{"rendered":"<p>Bret&rsquo;Elles fait attention \u00e0 la plan\u00e8te. Depuis plusieurs ann\u00e9es, je mets de c\u00f4t\u00e9 tous les jeans usag\u00e9s de mes proches. Ils emplissent mes tiroirs de couture. Ces derniers temps, je les ai ressortis pour enfin les utiliser. Je crois que je ne vous avais pas encore montr\u00e9 la salopette cousu pour mon fils Arnaud. Elle [&hellip;]<\/p>\n","protected":false},"author":1,"featured_media":661,"comment_status":"open","ping_status":"open","sticky":false,"template":"","format":"standard","meta":{"footnotes":""},"categories":[3,6],"tags":[24,147,60,144,145,146,143,133],"_links":{"self":[{"href":"http:\/\/bretelles.ch\/index.php\/wp-json\/wp\/v2\/posts\/660"}],"collection":[{"href":"http:\/\/bretelles.ch\/index.php\/wp-json\/wp\/v2\/posts"}],"about":[{"href":"http:\/\/bretelles.ch\/index.php\/wp-json\/wp\/v2\/types\/post"}],"author":[{"embeddable":true,"href":"http:\/\/bretelles.ch\/index.php\/wp-json\/wp\/v2\/users\/1"}],"replies":[{"embeddable":true,"href":"http:\/\/bretelles.ch\/index.php\/wp-json\/wp\/v2\/comments?post=660"}],"version-history":[{"count":2,"href":"http:\/\/bretelles.ch\/index.php\/wp-json\/wp\/v2\/posts\/660\/revisions"}],"predecessor-version":[{"id":664,"href":"http:\/\/bretelles.ch\/index.php\/wp-json\/wp\/v2\/posts\/660\/revisions\/664"}],"wp:featuredmedia":[{"embeddable":true,"href":"http:\/\/bretelles.ch\/index.php\/wp-json\/wp\/v2\/media\/661"}],"wp:attachment":[{"href":"http:\/\/bretelles.ch\/index.php\/wp-json\/wp\/v2\/media?parent=660"}],"wp:term":[{"taxonomy":"category","embeddable":true,"href":"http:\/\/bretelles.ch\/index.php\/wp-json\/wp\/v2\/categories?post=660"},{"taxonomy":"post_tag","embeddable":true,"href":"http:\/\/bretelles.ch\/index.php\/wp-json\/wp\/v2\/tags?post=660"}],"curies":[{"name":"wp","href":"https:\/\/api.w.org\/{rel}","templated":true}]}}