{"id":697,"date":"2015-04-15T09:41:15","date_gmt":"2015-04-15T09:41:15","guid":{"rendered":"http:\/\/bretelles.ch\/?p=697"},"modified":"2015-04-15T09:47:05","modified_gmt":"2015-04-15T09:47:05","slug":"activites_creatives_mercredi_landart_enfants","status":"publish","type":"post","link":"http:\/\/bretelles.ch\/index.php\/2015\/04\/15\/activites_creatives_mercredi_landart_enfants\/","title":{"rendered":"Les activit\u00e9s cr\u00e9atives du mercredi: LandArt avec les enfants"},"content":{"rendered":"<p>D\u00e9sormais sur le blog de Bret&rsquo;Elles, le mercredi, c&rsquo;est activit\u00e9s cr\u00e9atives\u00a0pour les enfants. Alors pour ce premier rendez-vous hebdomadaire, je vous propose\u00a0comme th\u00e8me:\u00a0LandArt\u00a0avec les enfants<\/p>\n<p>Comme il fait beau, je vous propose de faire un peu de LandArt avec les enfants. On se munit d&rsquo;un appareil photo et on part \u00e0 la campagne (ou dans un parc en ville). C&rsquo;est facile, on r\u00e9cup\u00e8re tout ce qu&rsquo;on trouve (cailloux, branchages, feuilles&#8230;) et on en profite pour faire des oeuvres d&rsquo;art \u00e9ph\u00e9m\u00e8re. N&rsquo;oubliez pas de les prendre en photos!<\/p>\n<p>Voil\u00e0 quelques id\u00e9es d\u00e9couvertes sur AuFeminin.com<\/p>\n<p><object width=\"500\" height=\"375\" classid=\"clsid:D27CDB6E-AE6D-11cf-96B8-444553540000\" codebase=\"http:\/\/download.macromedia.com\/pub\/shockwave\/cabs\/flash\/swflash.cab#version=6,0,40,0\"><param name=\"movie\" value=\"http:\/\/www.aufeminin.com\/world\/communaute\/album\/album_player.swf?p=13627718&amp;server=www.aufeminin.com\" \/><param name=\"quality\" value=\"high\" \/><param name=\"bgcolor\" value=\"#000000\" \/><embed src=\"http:\/\/www.aufeminin.com\/world\/communaute\/album\/album_player.swf?p=13627718&amp;server=www.aufeminin.com\" quality=\"high\" bgcolor=\"#000000\" width=\"500\" height=\"375\" type=\"application\/x-shockwave-flash\" pluginspage=\"http:\/\/www.macromedia.com\/go\/getflashplayer\" \/><\/object><br \/>\n<a href=\"http:\/\/album.aufeminin.com\/album\/see_575854_7\/Land-Art-Creation-ephemere-a-faire-avec-des-enfants.html\">\u00ab\u00a0Land Art\u00a0\u00bb Cr\u00e9ation \u00e9ph\u00e9m\u00e8re \u00e0 faire avec des enfants<\/a> [<a href=\"http:\/\/www.aufeminin.com\">aufeminin.com<\/a>]<\/p>\n<p>Pour trouver l&rsquo;inspiration, je vous propose aussi de d\u00e9couvrir le livre <a href=\"http:\/\/www.laplage.fr\/ecologie\/Parents-Enfants\/Land-art-avec-les-enfants-creer-des-oeuvres-d-art-dans-la-nature-art-et-nouveau-maternage_0003_79_.html\">LANDart avec les enfants <\/a>de Andreas G\u00fcthler et Kathrin Lacher aux \u00e9ditions LaPlage.<\/p>\n<p>Je vous souhaite une\u00a0bonne balade!<\/p>\n<p>Envoyez-moi vos chefs d&rsquo;\u0153uvre, je les publierai.<\/p>\n","protected":false},"excerpt":{"rendered":"<p>D\u00e9sormais sur le blog de Bret&rsquo;Elles, le mercredi, c&rsquo;est activit\u00e9s cr\u00e9atives\u00a0pour les enfants. Alors pour ce premier rendez-vous hebdomadaire, je vous propose\u00a0comme th\u00e8me:\u00a0LandArt\u00a0avec les enfants Comme il fait beau, je vous propose de faire un peu de LandArt avec les enfants. On se munit d&rsquo;un appareil photo et on part \u00e0 la campagne (ou dans [&hellip;]<\/p>\n","protected":false},"author":1,"featured_media":0,"comment_status":"open","ping_status":"open","sticky":false,"template":"","format":"standard","meta":{"footnotes":""},"categories":[161,1],"tags":[167,170,25,60,172,169,173,171,174],"_links":{"self":[{"href":"http:\/\/bretelles.ch\/index.php\/wp-json\/wp\/v2\/posts\/697"}],"collection":[{"href":"http:\/\/bretelles.ch\/index.php\/wp-json\/wp\/v2\/posts"}],"about":[{"href":"http:\/\/bretelles.ch\/index.php\/wp-json\/wp\/v2\/types\/post"}],"author":[{"embeddable":true,"href":"http:\/\/bretelles.ch\/index.php\/wp-json\/wp\/v2\/users\/1"}],"replies":[{"embeddable":true,"href":"http:\/\/bretelles.ch\/index.php\/wp-json\/wp\/v2\/comments?post=697"}],"version-history":[{"count":4,"href":"http:\/\/bretelles.ch\/index.php\/wp-json\/wp\/v2\/posts\/697\/revisions"}],"predecessor-version":[{"id":701,"href":"http:\/\/bretelles.ch\/index.php\/wp-json\/wp\/v2\/posts\/697\/revisions\/701"}],"wp:attachment":[{"href":"http:\/\/bretelles.ch\/index.php\/wp-json\/wp\/v2\/media?parent=697"}],"wp:term":[{"taxonomy":"category","embeddable":true,"href":"http:\/\/bretelles.ch\/index.php\/wp-json\/wp\/v2\/categories?post=697"},{"taxonomy":"post_tag","embeddable":true,"href":"http:\/\/bretelles.ch\/index.php\/wp-json\/wp\/v2\/tags?post=697"}],"curies":[{"name":"wp","href":"https:\/\/api.w.org\/{rel}","templated":true}]}}