{"id":794,"date":"2020-05-18T08:35:00","date_gmt":"2020-05-18T06:35:00","guid":{"rendered":"http:\/\/bretelles.ch\/?p=794"},"modified":"2020-04-30T20:53:35","modified_gmt":"2020-04-30T18:53:35","slug":"astuce-un-col-trop-serre","status":"publish","type":"post","link":"http:\/\/bretelles.ch\/index.php\/2020\/05\/18\/astuce-un-col-trop-serre\/","title":{"rendered":"#Astuce: Un col trop serr\u00e9"},"content":{"rendered":"<p>Je ne sais pas comment sont vos enfants, mais les miens ne supportent pas de passer des pulls par la t\u00eate. Pour un pull que mon fils aimait beaucoup, j&rsquo;ai utilis\u00e9 une m\u00e9thode radicale. J&rsquo;ai coup\u00e9 le col et je l&rsquo;ai remplac\u00e9 par une bande de jersey.<\/p>\n<p>Une petite astuce \u00e0 r\u00e9utiliser avec l&rsquo;ensemble de leurs pulls pr\u00e9f\u00e9r\u00e9s.<\/p>\n<p>Et vous, comment faites-vous?<\/p>\n<p><a href=\"http:\/\/bretelles.ch\/wp-content\/uploads\/2015\/04\/Signature_helene.png\" rel=\"attachment wp-att-715\"><img decoding=\"async\" loading=\"lazy\" class=\"alignnone size-full wp-image-715\" src=\"http:\/\/bretelles.ch\/wp-content\/uploads\/2015\/04\/Signature_helene.png\" alt=\"Signature_helene\" width=\"153\" height=\"101\" \/><\/a><\/p>\n","protected":false},"excerpt":{"rendered":"<p>Je ne sais pas comment sont vos enfants, mais les miens ne supportent pas de passer des pulls par la t\u00eate. Pour un pull que mon fils aimait beaucoup, j&rsquo;ai utilis\u00e9 une m\u00e9thode radicale. J&rsquo;ai coup\u00e9 le col et je l&rsquo;ai remplac\u00e9 par une bande de jersey. Une petite astuce \u00e0 r\u00e9utiliser avec l&rsquo;ensemble de [&hellip;]<\/p>\n","protected":false},"author":1,"featured_media":0,"comment_status":"open","ping_status":"open","sticky":false,"template":"","format":"standard","meta":{"footnotes":""},"categories":[6],"tags":[10,20,24,65,132,134],"_links":{"self":[{"href":"http:\/\/bretelles.ch\/index.php\/wp-json\/wp\/v2\/posts\/794"}],"collection":[{"href":"http:\/\/bretelles.ch\/index.php\/wp-json\/wp\/v2\/posts"}],"about":[{"href":"http:\/\/bretelles.ch\/index.php\/wp-json\/wp\/v2\/types\/post"}],"author":[{"embeddable":true,"href":"http:\/\/bretelles.ch\/index.php\/wp-json\/wp\/v2\/users\/1"}],"replies":[{"embeddable":true,"href":"http:\/\/bretelles.ch\/index.php\/wp-json\/wp\/v2\/comments?post=794"}],"version-history":[{"count":4,"href":"http:\/\/bretelles.ch\/index.php\/wp-json\/wp\/v2\/posts\/794\/revisions"}],"predecessor-version":[{"id":1078,"href":"http:\/\/bretelles.ch\/index.php\/wp-json\/wp\/v2\/posts\/794\/revisions\/1078"}],"wp:attachment":[{"href":"http:\/\/bretelles.ch\/index.php\/wp-json\/wp\/v2\/media?parent=794"}],"wp:term":[{"taxonomy":"category","embeddable":true,"href":"http:\/\/bretelles.ch\/index.php\/wp-json\/wp\/v2\/categories?post=794"},{"taxonomy":"post_tag","embeddable":true,"href":"http:\/\/bretelles.ch\/index.php\/wp-json\/wp\/v2\/tags?post=794"}],"curies":[{"name":"wp","href":"https:\/\/api.w.org\/{rel}","templated":true}]}}