{"id":1030,"date":"2020-04-17T15:16:23","date_gmt":"2020-04-17T13:16:23","guid":{"rendered":"http:\/\/bretelles.ch\/?p=1030"},"modified":"2020-04-17T15:16:23","modified_gmt":"2020-04-17T13:16:23","slug":"sarouel-et-t-shirt-pour-arthur","status":"publish","type":"post","link":"https:\/\/bretelles.ch\/index.php\/2020\/04\/17\/sarouel-et-t-shirt-pour-arthur\/","title":{"rendered":"Sarouel et T-shirt pour Arthur"},"content":{"rendered":"\n<figure class=\"wp-block-image\"><img decoding=\"async\" loading=\"lazy\" width=\"1024\" height=\"768\" src=\"https:\/\/bretelles.ch\/wp-content\/uploads\/2019\/11\/Ensemble_Sarouel_T-Shirt_Arthur-1024x768.jpg\" alt=\"Ensemble sarouel \" class=\"wp-image-1031\" srcset=\"https:\/\/bretelles.ch\/wp-content\/uploads\/2019\/11\/Ensemble_Sarouel_T-Shirt_Arthur-1024x768.jpg 1024w, https:\/\/bretelles.ch\/wp-content\/uploads\/2019\/11\/Ensemble_Sarouel_T-Shirt_Arthur-300x225.jpg 300w, https:\/\/bretelles.ch\/wp-content\/uploads\/2019\/11\/Ensemble_Sarouel_T-Shirt_Arthur-768x576.jpg 768w\" sizes=\"(max-width: 1024px) 100vw, 1024px\" \/><figcaption>Arthur est n\u00e9 l&rsquo;\u00e9t\u00e9 dernier. Comme mon fils, qui adore les dinosaures, je suis s\u00fbr qu&rsquo;il aimera beaucoup porter ce petit ensemble orn\u00e9 de dinosaures. D&rsquo;ailleurs, mon fils et ma fille m&rsquo;ont aussi demand\u00e9 de leur coudre quelque chose avec ce tissu&#8230; Je vous le montrerai prochainement.<\/figcaption><\/figure>\n","protected":false},"excerpt":{"rendered":"","protected":false},"author":1,"featured_media":1031,"comment_status":"open","ping_status":"open","sticky":false,"template":"","format":"standard","meta":{"footnotes":""},"categories":[6],"tags":[],"_links":{"self":[{"href":"https:\/\/bretelles.ch\/index.php\/wp-json\/wp\/v2\/posts\/1030"}],"collection":[{"href":"https:\/\/bretelles.ch\/index.php\/wp-json\/wp\/v2\/posts"}],"about":[{"href":"https:\/\/bretelles.ch\/index.php\/wp-json\/wp\/v2\/types\/post"}],"author":[{"embeddable":true,"href":"https:\/\/bretelles.ch\/index.php\/wp-json\/wp\/v2\/users\/1"}],"replies":[{"embeddable":true,"href":"https:\/\/bretelles.ch\/index.php\/wp-json\/wp\/v2\/comments?post=1030"}],"version-history":[{"count":2,"href":"https:\/\/bretelles.ch\/index.php\/wp-json\/wp\/v2\/posts\/1030\/revisions"}],"predecessor-version":[{"id":1062,"href":"https:\/\/bretelles.ch\/index.php\/wp-json\/wp\/v2\/posts\/1030\/revisions\/1062"}],"wp:featuredmedia":[{"embeddable":true,"href":"https:\/\/bretelles.ch\/index.php\/wp-json\/wp\/v2\/media\/1031"}],"wp:attachment":[{"href":"https:\/\/bretelles.ch\/index.php\/wp-json\/wp\/v2\/media?parent=1030"}],"wp:term":[{"taxonomy":"category","embeddable":true,"href":"https:\/\/bretelles.ch\/index.php\/wp-json\/wp\/v2\/categories?post=1030"},{"taxonomy":"post_tag","embeddable":true,"href":"https:\/\/bretelles.ch\/index.php\/wp-json\/wp\/v2\/tags?post=1030"}],"curies":[{"name":"wp","href":"https:\/\/api.w.org\/{rel}","templated":true}]}}