{"id":1064,"date":"2020-04-28T15:55:37","date_gmt":"2020-04-28T13:55:37","guid":{"rendered":"http:\/\/bretelles.ch\/?p=1064"},"modified":"2020-04-28T15:55:37","modified_gmt":"2020-04-28T13:55:37","slug":"cest-dactualite","status":"publish","type":"post","link":"https:\/\/bretelles.ch\/index.php\/2020\/04\/28\/cest-dactualite\/","title":{"rendered":"C&rsquo;est d&rsquo;actualit\u00e9&#8230;"},"content":{"rendered":"\n<p>&#8230; comme bon nombre de couturi\u00e8res, je me suis mise \u00e0 coudre des masques. Au d\u00e9but, j&rsquo;ai commenc\u00e9 avec ce mod\u00e8le. <\/p>\n\n\n\n<figure class=\"wp-block-gallery columns-2 is-cropped wp-block-gallery-1 is-layout-flex wp-block-gallery-is-layout-flex\"><ul class=\"blocks-gallery-grid\"><li class=\"blocks-gallery-item\"><figure><img decoding=\"async\" loading=\"lazy\" width=\"1024\" height=\"1024\" src=\"https:\/\/bretelles.ch\/wp-content\/uploads\/2020\/04\/IMG_20200410_080257_180-1024x1024.jpg\" alt=\"\" data-id=\"1066\" data-full-url=\"https:\/\/bretelles.ch\/wp-content\/uploads\/2020\/04\/IMG_20200410_080257_180.jpg\" data-link=\"https:\/\/bretelles.ch\/?attachment_id=1066\" class=\"wp-image-1066\" srcset=\"https:\/\/bretelles.ch\/wp-content\/uploads\/2020\/04\/IMG_20200410_080257_180-1024x1024.jpg 1024w, https:\/\/bretelles.ch\/wp-content\/uploads\/2020\/04\/IMG_20200410_080257_180-300x300.jpg 300w, https:\/\/bretelles.ch\/wp-content\/uploads\/2020\/04\/IMG_20200410_080257_180-150x150.jpg 150w, https:\/\/bretelles.ch\/wp-content\/uploads\/2020\/04\/IMG_20200410_080257_180-768x768.jpg 768w, https:\/\/bretelles.ch\/wp-content\/uploads\/2020\/04\/IMG_20200410_080257_180-54x54.jpg 54w, https:\/\/bretelles.ch\/wp-content\/uploads\/2020\/04\/IMG_20200410_080257_180.jpg 1080w\" sizes=\"(max-width: 1024px) 100vw, 1024px\" \/><\/figure><\/li><li class=\"blocks-gallery-item\"><figure><img decoding=\"async\" loading=\"lazy\" width=\"1024\" height=\"1024\" src=\"https:\/\/bretelles.ch\/wp-content\/uploads\/2020\/04\/IMG_20200410_080257_181-1024x1024.jpg\" alt=\"\" data-id=\"1067\" data-full-url=\"https:\/\/bretelles.ch\/wp-content\/uploads\/2020\/04\/IMG_20200410_080257_181.jpg\" data-link=\"https:\/\/bretelles.ch\/?attachment_id=1067\" class=\"wp-image-1067\" srcset=\"https:\/\/bretelles.ch\/wp-content\/uploads\/2020\/04\/IMG_20200410_080257_181-1024x1024.jpg 1024w, https:\/\/bretelles.ch\/wp-content\/uploads\/2020\/04\/IMG_20200410_080257_181-300x300.jpg 300w, https:\/\/bretelles.ch\/wp-content\/uploads\/2020\/04\/IMG_20200410_080257_181-150x150.jpg 150w, https:\/\/bretelles.ch\/wp-content\/uploads\/2020\/04\/IMG_20200410_080257_181-768x768.jpg 768w, https:\/\/bretelles.ch\/wp-content\/uploads\/2020\/04\/IMG_20200410_080257_181-54x54.jpg 54w, https:\/\/bretelles.ch\/wp-content\/uploads\/2020\/04\/IMG_20200410_080257_181.jpg 1080w\" sizes=\"(max-width: 1024px) 100vw, 1024px\" \/><\/figure><\/li><\/ul><\/figure>\n\n\n\n<p>Il s&rsquo;agit du mod\u00e8le du CHU de Grenoble. que j&rsquo;ai cousu avec 3 \u00e9paisseurs: une \u00e9paisseur de PUL, le tissu que j&rsquo;utilisais pour les couches lavables, une \u00e9paisseur de moleton et une \u00e9paisseur de coton. Puis j&rsquo;ai lu que ce mod\u00e8le n&rsquo;\u00e9tait pas recommand\u00e9. <\/p>\n\n\n\n<p>J&rsquo;ai donc chang\u00e9 et je suis pass\u00e9 \u00e0 celui-ci.<\/p>\n\n\n\n<figure class=\"wp-block-gallery columns-2 is-cropped wp-block-gallery-3 is-layout-flex wp-block-gallery-is-layout-flex\"><ul class=\"blocks-gallery-grid\"><li class=\"blocks-gallery-item\"><figure><img decoding=\"async\" loading=\"lazy\" width=\"768\" height=\"1024\" src=\"https:\/\/bretelles.ch\/wp-content\/uploads\/2020\/04\/IMG_20200415_141227-1-768x1024.jpg\" alt=\"\" data-id=\"1068\" data-full-url=\"https:\/\/bretelles.ch\/wp-content\/uploads\/2020\/04\/IMG_20200415_141227-1-scaled.jpg\" data-link=\"https:\/\/bretelles.ch\/?attachment_id=1068\" class=\"wp-image-1068\" srcset=\"https:\/\/bretelles.ch\/wp-content\/uploads\/2020\/04\/IMG_20200415_141227-1-768x1024.jpg 768w, https:\/\/bretelles.ch\/wp-content\/uploads\/2020\/04\/IMG_20200415_141227-1-225x300.jpg 225w, https:\/\/bretelles.ch\/wp-content\/uploads\/2020\/04\/IMG_20200415_141227-1-1152x1536.jpg 1152w, https:\/\/bretelles.ch\/wp-content\/uploads\/2020\/04\/IMG_20200415_141227-1-1536x2048.jpg 1536w, https:\/\/bretelles.ch\/wp-content\/uploads\/2020\/04\/IMG_20200415_141227-1-scaled.jpg 1920w\" sizes=\"(max-width: 768px) 100vw, 768px\" \/><\/figure><\/li><li class=\"blocks-gallery-item\"><figure><img decoding=\"async\" loading=\"lazy\" width=\"768\" height=\"1024\" src=\"https:\/\/bretelles.ch\/wp-content\/uploads\/2020\/04\/IMG_20200415_141222-768x1024.jpg\" alt=\"\" data-id=\"1069\" data-full-url=\"https:\/\/bretelles.ch\/wp-content\/uploads\/2020\/04\/IMG_20200415_141222-scaled.jpg\" data-link=\"https:\/\/bretelles.ch\/?attachment_id=1069\" class=\"wp-image-1069\" srcset=\"https:\/\/bretelles.ch\/wp-content\/uploads\/2020\/04\/IMG_20200415_141222-768x1024.jpg 768w, https:\/\/bretelles.ch\/wp-content\/uploads\/2020\/04\/IMG_20200415_141222-225x300.jpg 225w, https:\/\/bretelles.ch\/wp-content\/uploads\/2020\/04\/IMG_20200415_141222-1152x1536.jpg 1152w, https:\/\/bretelles.ch\/wp-content\/uploads\/2020\/04\/IMG_20200415_141222-1536x2048.jpg 1536w, https:\/\/bretelles.ch\/wp-content\/uploads\/2020\/04\/IMG_20200415_141222-scaled.jpg 1920w\" sizes=\"(max-width: 768px) 100vw, 768px\" \/><\/figure><\/li><\/ul><\/figure>\n\n\n\n<p>C&rsquo;est un mod\u00e8le rectangulaire avec un pli plat selon le patron de l&rsquo;AFNOR. J&rsquo;ai choisi d&rsquo;utiliser des tissus recycl\u00e9s, \u00e0 savoir des housses de couette, en raison de leur mati\u00e8re 100% coton \u00e9pais et donc lavable \u00e0 60\u00b0C, un tissu suffisamment lourd pour avoir un pouvoir filtrant important. <\/p>\n\n\n\n<p>J&rsquo;ai laiss\u00e9 une ouverture entre les 2 \u00e9paisseurs pour pouvoir ajouter un filtre si on le souhaite. <\/p>\n\n\n\n<p>Personnellement, pour avoir essay\u00e9 les 2 mod\u00e8les, y compris avec mes lunettes, je pr\u00e9f\u00e8re le deuxi\u00e8me qui est plus souple. Je n&rsquo;ai pas de bu\u00e9e sur mes lunettes. <\/p>\n\n\n\n<p>J&rsquo;en ai encore \u00e0 disposition si vous le souhaitez. Contactez-moi directement ou commandez sur la <a rel=\"noreferrer noopener\" href=\"https:\/\/bretelles.ch\/boutique\/accueil\/17-masque-barriere.html\" target=\"_blank\">boutique<\/a>. <\/p>\n\n\n\n<p>A bient\u00f4t<\/p>\n\n\n\n<figure class=\"wp-block-image size-large\"><img decoding=\"async\" loading=\"lazy\" width=\"153\" height=\"101\" src=\"http:\/\/bretelles.ch\/wp-content\/uploads\/2015\/04\/Signature_helene.png\" alt=\"\" class=\"wp-image-715\"\/><\/figure>\n","protected":false},"excerpt":{"rendered":"<p>&#8230; comme bon nombre de couturi\u00e8res, je me suis mise \u00e0 coudre des masques. Au d\u00e9but, j&rsquo;ai commenc\u00e9 avec ce mod\u00e8le. Il s&rsquo;agit du mod\u00e8le du CHU de Grenoble. que j&rsquo;ai cousu avec 3 \u00e9paisseurs: une \u00e9paisseur de PUL, le tissu que j&rsquo;utilisais pour les couches lavables, une \u00e9paisseur de moleton et une \u00e9paisseur de [&hellip;]<\/p>\n","protected":false},"author":1,"featured_media":1065,"comment_status":"open","ping_status":"open","sticky":false,"template":"","format":"standard","meta":{"footnotes":""},"categories":[2],"tags":[237,236,235,238,127],"_links":{"self":[{"href":"https:\/\/bretelles.ch\/index.php\/wp-json\/wp\/v2\/posts\/1064"}],"collection":[{"href":"https:\/\/bretelles.ch\/index.php\/wp-json\/wp\/v2\/posts"}],"about":[{"href":"https:\/\/bretelles.ch\/index.php\/wp-json\/wp\/v2\/types\/post"}],"author":[{"embeddable":true,"href":"https:\/\/bretelles.ch\/index.php\/wp-json\/wp\/v2\/users\/1"}],"replies":[{"embeddable":true,"href":"https:\/\/bretelles.ch\/index.php\/wp-json\/wp\/v2\/comments?post=1064"}],"version-history":[{"count":1,"href":"https:\/\/bretelles.ch\/index.php\/wp-json\/wp\/v2\/posts\/1064\/revisions"}],"predecessor-version":[{"id":1070,"href":"https:\/\/bretelles.ch\/index.php\/wp-json\/wp\/v2\/posts\/1064\/revisions\/1070"}],"wp:featuredmedia":[{"embeddable":true,"href":"https:\/\/bretelles.ch\/index.php\/wp-json\/wp\/v2\/media\/1065"}],"wp:attachment":[{"href":"https:\/\/bretelles.ch\/index.php\/wp-json\/wp\/v2\/media?parent=1064"}],"wp:term":[{"taxonomy":"category","embeddable":true,"href":"https:\/\/bretelles.ch\/index.php\/wp-json\/wp\/v2\/categories?post=1064"},{"taxonomy":"post_tag","embeddable":true,"href":"https:\/\/bretelles.ch\/index.php\/wp-json\/wp\/v2\/tags?post=1064"}],"curies":[{"name":"wp","href":"https:\/\/api.w.org\/{rel}","templated":true}]}}