{"id":109,"date":"2009-11-17T00:24:37","date_gmt":"2009-11-17T00:24:37","guid":{"rendered":"http:\/\/bretelles.wordpress.com\/?p=109"},"modified":"2009-11-17T00:24:37","modified_gmt":"2009-11-17T00:24:37","slug":"une-tunique-en-progression","status":"publish","type":"post","link":"https:\/\/bretelles.ch\/index.php\/2009\/11\/17\/une-tunique-en-progression\/","title":{"rendered":"Une tunique en\u00a0progression"},"content":{"rendered":"<p><img decoding=\"async\" class=\"alignright size-full wp-image-110\" title=\"tunique et pantalon large\" src=\"http:\/\/bretelles.ch\/wp-content\/uploads\/2009\/11\/tunique-et-pantalon-large.jpg\" alt=\"tunique et pantalon large\" height=\"500\" srcset=\"https:\/\/bretelles.ch\/wp-content\/uploads\/2009\/11\/tunique-et-pantalon-large.jpg 1068w, https:\/\/bretelles.ch\/wp-content\/uploads\/2009\/11\/tunique-et-pantalon-large-105x300.jpg 105w, https:\/\/bretelles.ch\/wp-content\/uploads\/2009\/11\/tunique-et-pantalon-large-768x2192.jpg 768w, https:\/\/bretelles.ch\/wp-content\/uploads\/2009\/11\/tunique-et-pantalon-large-359x1024.jpg 359w\" sizes=\"(max-width: 1068px) 100vw, 1068px\" \/>Pour le prochain d\u00e9fi de <a href=\"http:\/\/jairienamemettre.canalblog.com\/\" target=\"_blank\">J&rsquo;ai rien \u00e0 me mettre<\/a>, sur le th\u00e8me \u00ab\u00a0J&rsquo;ai rien \u00e0 me mettre pour le r\u00e9veillon\u00a0\u00bb j&rsquo;ai choisi de coudre une tunique. Et comme je voulais un mod\u00e8le particulier, je l&rsquo;ai dessin\u00e9 moi-m\u00eame.\u00a0 Le patron est d\u00e9j\u00e0 dessin\u00e9. Pour le tissu, j&rsquo;ai opt\u00e9 pour une cotonnade orange, aux couleurs de l&rsquo;automne, m\u00eame si on sera plut\u00f4t en hiver quand je l&rsquo;aurai fini. Pour pouvoir la porter en hiver aussi, je pense que je mettrai un pull \u00e0 manche longue en dessous. Sinon, je crois que je dessinerai bient\u00f4t un petit bol\u00e9ro pour compl\u00e9ter la tenue.<\/p>\n<p>Enfin, d&rsquo;ici l\u00e0, j&rsquo;ai un peu de travail!<\/p>\n","protected":false},"excerpt":{"rendered":"<p>Pour le prochain d\u00e9fi de J&rsquo;ai rien \u00e0 me mettre, sur le th\u00e8me \u00ab\u00a0J&rsquo;ai rien \u00e0 me mettre pour le r\u00e9veillon\u00a0\u00bb j&rsquo;ai choisi de coudre une tunique. Et comme je voulais un mod\u00e8le particulier, je l&rsquo;ai dessin\u00e9 moi-m\u00eame.\u00a0 Le patron est d\u00e9j\u00e0 dessin\u00e9. Pour le tissu, j&rsquo;ai opt\u00e9 pour une cotonnade orange, aux couleurs de [&hellip;]<\/p>\n","protected":false},"author":2,"featured_media":0,"comment_status":"open","ping_status":"open","sticky":false,"template":"","format":"standard","meta":{"footnotes":""},"categories":[4,5],"tags":[49,74,99,130],"_links":{"self":[{"href":"https:\/\/bretelles.ch\/index.php\/wp-json\/wp\/v2\/posts\/109"}],"collection":[{"href":"https:\/\/bretelles.ch\/index.php\/wp-json\/wp\/v2\/posts"}],"about":[{"href":"https:\/\/bretelles.ch\/index.php\/wp-json\/wp\/v2\/types\/post"}],"author":[{"embeddable":true,"href":"https:\/\/bretelles.ch\/index.php\/wp-json\/wp\/v2\/users\/2"}],"replies":[{"embeddable":true,"href":"https:\/\/bretelles.ch\/index.php\/wp-json\/wp\/v2\/comments?post=109"}],"version-history":[{"count":0,"href":"https:\/\/bretelles.ch\/index.php\/wp-json\/wp\/v2\/posts\/109\/revisions"}],"wp:attachment":[{"href":"https:\/\/bretelles.ch\/index.php\/wp-json\/wp\/v2\/media?parent=109"}],"wp:term":[{"taxonomy":"category","embeddable":true,"href":"https:\/\/bretelles.ch\/index.php\/wp-json\/wp\/v2\/categories?post=109"},{"taxonomy":"post_tag","embeddable":true,"href":"https:\/\/bretelles.ch\/index.php\/wp-json\/wp\/v2\/tags?post=109"}],"curies":[{"name":"wp","href":"https:\/\/api.w.org\/{rel}","templated":true}]}}