{"id":58,"date":"2009-11-02T12:40:42","date_gmt":"2009-11-02T12:40:42","guid":{"rendered":"http:\/\/bretelles.wordpress.com\/?p=58"},"modified":"2009-11-02T12:40:42","modified_gmt":"2009-11-02T12:40:42","slug":"un-poncho-colore","status":"publish","type":"post","link":"https:\/\/bretelles.ch\/index.php\/2009\/11\/02\/un-poncho-colore\/","title":{"rendered":"Pon\u2019Chaud\u00a0Chaud"},"content":{"rendered":"<p>Pour le d\u00e9fi de <a href=\"http:\/\/jairienamemettre.canalblog.com\/\" target=\"_blank\">J&rsquo;ai rien \u00e0 me mettre<\/a>, j&rsquo;ai fait ce poncho orange. Tr\u00e8s (pon)chaud. Le tissu vient de Mode et Tissus \u00e0 Sainte-Marie-aux-Mines, une mine d&rsquo;or. Il n&rsquo;est pas tr\u00e8s long, mais j&rsquo;adore&#8230; Pour moi l&rsquo;important c&rsquo;est de couvrir les \u00e9paules, c&rsquo;est toujours l\u00e0 qu&rsquo;on a froid! Allez, je vous laisse le d\u00e9couvrir.<\/p>\n\n\t\t<style type=\"text\/css\">\n\t\t\t#gallery-1 {\n\t\t\t\tmargin: auto;\n\t\t\t}\n\t\t\t#gallery-1 .gallery-item {\n\t\t\t\tfloat: left;\n\t\t\t\tmargin-top: 10px;\n\t\t\t\ttext-align: center;\n\t\t\t\twidth: 50%;\n\t\t\t}\n\t\t\t#gallery-1 img {\n\t\t\t\tborder: 2px solid #cfcfcf;\n\t\t\t}\n\t\t\t#gallery-1 .gallery-caption {\n\t\t\t\tmargin-left: 0;\n\t\t\t}\n\t\t\t\/* see gallery_shortcode() in wp-includes\/media.php *\/\n\t\t<\/style>\n\t\t<div id='gallery-1' class='gallery galleryid-58 gallery-columns-2 gallery-size-thumbnail'><dl class='gallery-item'>\n\t\t\t<dt class='gallery-icon portrait'>\n\t\t\t\t<a href='https:\/\/bretelles.ch\/index.php\/2009\/11\/02\/un-poncho-colore\/face\/'><img width=\"150\" height=\"150\" src=\"https:\/\/bretelles.ch\/wp-content\/uploads\/2009\/11\/face-150x150.jpg\" class=\"attachment-thumbnail size-thumbnail\" alt=\"\" decoding=\"async\" loading=\"lazy\" srcset=\"https:\/\/bretelles.ch\/wp-content\/uploads\/2009\/11\/face-150x150.jpg 150w, https:\/\/bretelles.ch\/wp-content\/uploads\/2009\/11\/face-54x54.jpg 54w\" sizes=\"(max-width: 150px) 100vw, 150px\" \/><\/a>\n\t\t\t<\/dt><\/dl><dl class='gallery-item'>\n\t\t\t<dt class='gallery-icon landscape'>\n\t\t\t\t<a href='https:\/\/bretelles.ch\/index.php\/2009\/11\/02\/un-poncho-colore\/profil\/'><img width=\"150\" height=\"150\" src=\"https:\/\/bretelles.ch\/wp-content\/uploads\/2009\/11\/profil-150x150.jpg\" class=\"attachment-thumbnail size-thumbnail\" alt=\"\" decoding=\"async\" loading=\"lazy\" srcset=\"https:\/\/bretelles.ch\/wp-content\/uploads\/2009\/11\/profil-150x150.jpg 150w, https:\/\/bretelles.ch\/wp-content\/uploads\/2009\/11\/profil-54x54.jpg 54w\" sizes=\"(max-width: 150px) 100vw, 150px\" \/><\/a>\n\t\t\t<\/dt><\/dl><br style=\"clear: both\" \/>\n\t\t<\/div>\n\n<p>Pas facile d&rsquo;\u00eatre photographe et mod\u00e8le en m\u00eame temps&#8230; Vous pouvez remarquer que j&rsquo;ai re\u00e7u ma nouvelle surjeteuse&#8230; C&rsquo;est fou ce qu&rsquo;on peut faire avec!<\/p>\n","protected":false},"excerpt":{"rendered":"<p>Pour le d\u00e9fi de J&rsquo;ai rien \u00e0 me mettre, j&rsquo;ai fait ce poncho orange. Tr\u00e8s (pon)chaud. Le tissu vient de Mode et Tissus \u00e0 Sainte-Marie-aux-Mines, une mine d&rsquo;or. Il n&rsquo;est pas tr\u00e8s long, mais j&rsquo;adore&#8230; Pour moi l&rsquo;important c&rsquo;est de couvrir les \u00e9paules, c&rsquo;est toujours l\u00e0 qu&rsquo;on a froid! Allez, je vous laisse le d\u00e9couvrir. [&hellip;]<\/p>\n","protected":false},"author":2,"featured_media":0,"comment_status":"open","ping_status":"open","sticky":false,"template":"","format":"standard","meta":{"footnotes":""},"categories":[2,4,5],"tags":[74,108],"_links":{"self":[{"href":"https:\/\/bretelles.ch\/index.php\/wp-json\/wp\/v2\/posts\/58"}],"collection":[{"href":"https:\/\/bretelles.ch\/index.php\/wp-json\/wp\/v2\/posts"}],"about":[{"href":"https:\/\/bretelles.ch\/index.php\/wp-json\/wp\/v2\/types\/post"}],"author":[{"embeddable":true,"href":"https:\/\/bretelles.ch\/index.php\/wp-json\/wp\/v2\/users\/2"}],"replies":[{"embeddable":true,"href":"https:\/\/bretelles.ch\/index.php\/wp-json\/wp\/v2\/comments?post=58"}],"version-history":[{"count":0,"href":"https:\/\/bretelles.ch\/index.php\/wp-json\/wp\/v2\/posts\/58\/revisions"}],"wp:attachment":[{"href":"https:\/\/bretelles.ch\/index.php\/wp-json\/wp\/v2\/media?parent=58"}],"wp:term":[{"taxonomy":"category","embeddable":true,"href":"https:\/\/bretelles.ch\/index.php\/wp-json\/wp\/v2\/categories?post=58"},{"taxonomy":"post_tag","embeddable":true,"href":"https:\/\/bretelles.ch\/index.php\/wp-json\/wp\/v2\/tags?post=58"}],"curies":[{"name":"wp","href":"https:\/\/api.w.org\/{rel}","templated":true}]}}