{"id":731,"date":"2015-06-05T06:30:05","date_gmt":"2015-06-05T06:30:05","guid":{"rendered":"http:\/\/bretelles.ch\/?p=731"},"modified":"2015-06-02T19:32:45","modified_gmt":"2015-06-02T19:32:45","slug":"de-laide-pour-les-rideaux","status":"publish","type":"post","link":"https:\/\/bretelles.ch\/index.php\/2015\/06\/05\/de-laide-pour-les-rideaux\/","title":{"rendered":"De l&rsquo;aide pour les rideaux&#8230;"},"content":{"rendered":"<p>Apr\u00e8s avoir pouts\u00e9 (nettoy\u00e9! en Suisse), pos\u00e9 du parquet &nbsp; &nbsp;<a href=\"http:\/\/bretelles.ch\/wp-content\/uploads\/2015\/06\/IMG_1166-0.jpg\"><img decoding=\"async\" src=\"http:\/\/bretelles.ch\/wp-content\/uploads\/2015\/06\/IMG_1166-0.jpg\" alt=\"\"><\/a>&nbsp;<\/p>\n<p>&nbsp;Encore pouts\u00e9, fait de la peinture&nbsp;<\/p>\n<p><a href=\"http:\/\/bretelles.ch\/wp-content\/uploads\/2015\/06\/IMG_1174.jpg\"><img decoding=\"async\" src=\"http:\/\/bretelles.ch\/wp-content\/uploads\/2015\/06\/IMG_1174.jpg\" alt=\"\"><\/a>&nbsp;&nbsp;<br \/>\n<a href=\"http:\/\/bretelles.ch\/wp-content\/uploads\/2015\/06\/IMG_1175.jpg\"><img decoding=\"async\" src=\"http:\/\/bretelles.ch\/wp-content\/uploads\/2015\/06\/IMG_1175.jpg\" alt=\"\"><\/a>&nbsp; &nbsp;&nbsp;<\/p>\n<p>&nbsp;Je peux enfin m&rsquo;atteler \u00e0 mon job pr\u00e9fer\u00e9: coudre les rideaux.<\/p>\n<p>Pour cela, j&rsquo;ai eu une aide pr\u00e9cieuse: une couturi\u00e8re novice mais tr\u00e8s appliqu\u00e9e.<\/p>\n<p>&nbsp;<a href=\"http:\/\/bretelles.ch\/wp-content\/uploads\/2015\/06\/IMG_1260.jpg\"><img decoding=\"async\" src=\"http:\/\/bretelles.ch\/wp-content\/uploads\/2015\/06\/IMG_1260.jpg\" alt=\"\"><\/a>&nbsp;<br \/>\nElle s&rsquo;est occup\u00e9e du surjet pendant que je coupais les autres rideaux.<\/p>\n","protected":false},"excerpt":{"rendered":"<p>Apr\u00e8s avoir pouts\u00e9 (nettoy\u00e9! en Suisse), pos\u00e9 du parquet &nbsp; &nbsp;&nbsp; &nbsp;Encore pouts\u00e9, fait de la peinture&nbsp; &nbsp;&nbsp; &nbsp; &nbsp;&nbsp; &nbsp;Je peux enfin m&rsquo;atteler \u00e0 mon job pr\u00e9fer\u00e9: coudre les rideaux. Pour cela, j&rsquo;ai eu une aide pr\u00e9cieuse: une couturi\u00e8re novice mais tr\u00e8s appliqu\u00e9e. &nbsp;&nbsp; Elle s&rsquo;est occup\u00e9e du surjet pendant que je coupais les [&hellip;]<\/p>\n","protected":false},"author":1,"featured_media":733,"comment_status":"open","ping_status":"open","sticky":false,"template":"","format":"standard","meta":{"footnotes":""},"categories":[186],"tags":[46,187,164,114],"_links":{"self":[{"href":"https:\/\/bretelles.ch\/index.php\/wp-json\/wp\/v2\/posts\/731"}],"collection":[{"href":"https:\/\/bretelles.ch\/index.php\/wp-json\/wp\/v2\/posts"}],"about":[{"href":"https:\/\/bretelles.ch\/index.php\/wp-json\/wp\/v2\/types\/post"}],"author":[{"embeddable":true,"href":"https:\/\/bretelles.ch\/index.php\/wp-json\/wp\/v2\/users\/1"}],"replies":[{"embeddable":true,"href":"https:\/\/bretelles.ch\/index.php\/wp-json\/wp\/v2\/comments?post=731"}],"version-history":[{"count":1,"href":"https:\/\/bretelles.ch\/index.php\/wp-json\/wp\/v2\/posts\/731\/revisions"}],"predecessor-version":[{"id":732,"href":"https:\/\/bretelles.ch\/index.php\/wp-json\/wp\/v2\/posts\/731\/revisions\/732"}],"wp:featuredmedia":[{"embeddable":true,"href":"https:\/\/bretelles.ch\/index.php\/wp-json\/wp\/v2\/media\/733"}],"wp:attachment":[{"href":"https:\/\/bretelles.ch\/index.php\/wp-json\/wp\/v2\/media?parent=731"}],"wp:term":[{"taxonomy":"category","embeddable":true,"href":"https:\/\/bretelles.ch\/index.php\/wp-json\/wp\/v2\/categories?post=731"},{"taxonomy":"post_tag","embeddable":true,"href":"https:\/\/bretelles.ch\/index.php\/wp-json\/wp\/v2\/tags?post=731"}],"curies":[{"name":"wp","href":"https:\/\/api.w.org\/{rel}","templated":true}]}}