{"id":983,"date":"2017-10-18T15:37:27","date_gmt":"2017-10-18T13:37:27","guid":{"rendered":"http:\/\/bretelles.ch\/?p=983"},"modified":"2017-10-15T15:38:01","modified_gmt":"2017-10-15T13:38:01","slug":"une-turbulette-cot-cot","status":"publish","type":"post","link":"https:\/\/bretelles.ch\/index.php\/2017\/10\/18\/une-turbulette-cot-cot\/","title":{"rendered":"Une turbulette Cot Cot"},"content":{"rendered":"<p>J&rsquo;ai beaucoup de retard dans les choses que je dois vous montrer. Cette turbulette date de janvier 2014 (j&rsquo;ai retrouv\u00e9 cette photo en faisant de l&rsquo;ordre dans mes photos). Je l&rsquo;ai cousue sp\u00e9cialement pour mes amis Renaud et Am\u00e9lie et leur fils Val\u00e9rian. Cette turbulette brod\u00e9e \u00ab\u00a0Les poules de ma maman font Cot Cot\u00a0\u00bb est un clin d&rsquo;oeil \u00e0 la basse-cour d&rsquo;Am\u00e9lie.<\/p>\n<p><a href=\"http:\/\/bretelles.ch\/?attachment_id=984\" rel=\"attachment wp-att-984\"><img decoding=\"async\" loading=\"lazy\" class=\"aligncenter size-full wp-image-984\" src=\"http:\/\/bretelles.ch\/wp-content\/uploads\/2017\/10\/Turbulette_Vale\u0301rian-e1508074028620.jpg\" alt=\"\" width=\"600\" height=\"1067\" \/><\/a><\/p>\n<p>Elle vous pla\u00eet?<\/p>\n<p><a href=\"http:\/\/bretelles.ch\/index.php\/2015\/04\/29\/les-activites-creatives-du-mercredi-exercer-sa-memoire-avec-ses-amis\/signature_helene\/\" rel=\"attachment wp-att-715\"><img decoding=\"async\" loading=\"lazy\" class=\"aligncenter size-full wp-image-715\" src=\"http:\/\/bretelles.ch\/wp-content\/uploads\/2015\/04\/Signature_helene.png\" alt=\"\" width=\"153\" height=\"101\" \/><\/a><\/p>\n","protected":false},"excerpt":{"rendered":"<p>J&rsquo;ai beaucoup de retard dans les choses que je dois vous montrer. Cette turbulette date de janvier 2014 (j&rsquo;ai retrouv\u00e9 cette photo en faisant de l&rsquo;ordre dans mes photos). Je l&rsquo;ai cousue sp\u00e9cialement pour mes amis Renaud et Am\u00e9lie et leur fils Val\u00e9rian. Cette turbulette brod\u00e9e \u00ab\u00a0Les poules de ma maman font Cot Cot\u00a0\u00bb est [&hellip;]<\/p>\n","protected":false},"author":1,"featured_media":984,"comment_status":"open","ping_status":"open","sticky":false,"template":"","format":"standard","meta":{"footnotes":""},"categories":[2,6],"tags":[20,24,26,27,28,46,48,49,100,232,131,135,136],"_links":{"self":[{"href":"https:\/\/bretelles.ch\/index.php\/wp-json\/wp\/v2\/posts\/983"}],"collection":[{"href":"https:\/\/bretelles.ch\/index.php\/wp-json\/wp\/v2\/posts"}],"about":[{"href":"https:\/\/bretelles.ch\/index.php\/wp-json\/wp\/v2\/types\/post"}],"author":[{"embeddable":true,"href":"https:\/\/bretelles.ch\/index.php\/wp-json\/wp\/v2\/users\/1"}],"replies":[{"embeddable":true,"href":"https:\/\/bretelles.ch\/index.php\/wp-json\/wp\/v2\/comments?post=983"}],"version-history":[{"count":1,"href":"https:\/\/bretelles.ch\/index.php\/wp-json\/wp\/v2\/posts\/983\/revisions"}],"predecessor-version":[{"id":989,"href":"https:\/\/bretelles.ch\/index.php\/wp-json\/wp\/v2\/posts\/983\/revisions\/989"}],"wp:featuredmedia":[{"embeddable":true,"href":"https:\/\/bretelles.ch\/index.php\/wp-json\/wp\/v2\/media\/984"}],"wp:attachment":[{"href":"https:\/\/bretelles.ch\/index.php\/wp-json\/wp\/v2\/media?parent=983"}],"wp:term":[{"taxonomy":"category","embeddable":true,"href":"https:\/\/bretelles.ch\/index.php\/wp-json\/wp\/v2\/categories?post=983"},{"taxonomy":"post_tag","embeddable":true,"href":"https:\/\/bretelles.ch\/index.php\/wp-json\/wp\/v2\/tags?post=983"}],"curies":[{"name":"wp","href":"https:\/\/api.w.org\/{rel}","templated":true}]}}